[{"@context":"https:\/\/schema.org\/","@type":"Article","@id":"https:\/\/www.teicon.cz\/bylinky-nasich-zahrad\/#Article","mainEntityOfPage":"https:\/\/www.teicon.cz\/bylinky-nasich-zahrad\/","headline":"Bylinky na\u0161ich zahrad","name":"Bylinky na\u0161ich zahrad","description":"Levandule je velmi aromatick\u00e1 a l\u00e9\u010div\u00e1 bylina, kter\u00e1 kvete drobn\u00fdm fialov\u00fdm kv\u00edtkem. Jej\u00ed p\u011bstov\u00e1n\u00ed nen\u00ed nijak slo\u017eit\u00e9, sta\u010d\u00ed ji \u0159\u00e1dn\u011b st\u0159\u00edhat. P\u011bstovat ji m\u016f\u017eete dokonce i&#46;&#46;&#46;","datePublished":"2019-09-10","dateModified":"2023-05-24","author":{"@type":"Person","@id":"https:\/\/www.teicon.cz\/author\/#Person","name":"","url":"https:\/\/www.teicon.cz\/author\/","identifier":1,"image":{"@type":"ImageObject","@id":"https:\/\/secure.gravatar.com\/avatar\/c36ac855b1ee9cce96e09824fb5426d6eaccd04233fbf51e04e067ccd1b5fe13?s=96&d=mm&r=g","url":"https:\/\/secure.gravatar.com\/avatar\/c36ac855b1ee9cce96e09824fb5426d6eaccd04233fbf51e04e067ccd1b5fe13?s=96&d=mm&r=g","height":96,"width":96}},"publisher":{"@type":"Organization","name":"teicon.cz","logo":{"@type":"ImageObject","@id":"\/logo.png","url":"\/logo.png","width":600,"height":60}},"image":{"@type":"ImageObject","@id":"https:\/\/www.teicon.cz\/wp-content\/uploads\/img_a354140_w3754_t1568555361.jpg","url":"https:\/\/www.teicon.cz\/wp-content\/uploads\/img_a354140_w3754_t1568555361.jpg","height":0,"width":0},"url":"https:\/\/www.teicon.cz\/bylinky-nasich-zahrad\/","about":["Zahrada a d\u016fm"],"wordCount":609,"articleBody":"Levandule je velmi aromatick\u00e1 a l\u00e9\u010div\u00e1 bylina, kter\u00e1 kvete drobn\u00fdm fialov\u00fdm kv\u00edtkem. Jej\u00ed p\u011bstov\u00e1n\u00ed nen\u00ed nijak slo\u017eit\u00e9, sta\u010d\u00ed ji \u0159\u00e1dn\u011b st\u0159\u00edhat. P\u011bstovat ji m\u016f\u017eete dokonce i v&nbsp;kv\u011btin\u00e1\u010di, tedy doma, ale kv\u011btn\u00edk by m\u011bl b\u00fdt aspo\u0148 dvakr\u00e1t \u0161ir\u0161\u00ed ne\u017e rostlinka. Nem\u00e1 r\u00e1da mokr\u00e9 prost\u0159ed\u00ed, tak\u017ee kdy\u017e ji ob\u010das zapomenete zal\u00edt, jen V\u00e1m pod\u011bkuje. Pou\u017e\u00edv\u00e1 se zejm\u00e9na do aromatick\u00fdch pytl\u00ed\u010dk\u016f, jejich\u017e v\u016fn\u011b p\u0159etrv\u00e1 n\u011bkolik m\u011bs\u00edc\u016f a kr\u00e1sn\u011b provon\u00ed byt.Mate\u0159\u00eddou\u0161ka je t\u00e9\u017e kr\u00e1sn\u011b vo\u0148av\u00e1 bylinka, dokonce i l\u00e9\u010divka. M\u00e1 uklid\u0148uj\u00edc\u00ed \u00fa\u010dinky, tak\u017ee je dobr\u00e1 jako prevence proti stresu a dokonce i bolesti hlavy. Zde na \u0159adu op\u011bt p\u0159ich\u00e1zej\u00ed vo\u0148av\u00e9 pytl\u00ed\u010dky se su\u0161enou bylinkou. M\u016f\u017eeme ji pou\u017e\u00edt i jako ko\u0159en\u00ed do j\u00eddla, ov\u0161em tento typ pou\u017eit\u00ed je sp\u00ed\u0161 vz\u00e1cn\u011bj\u0161\u00ed. M\u00e1te-li r\u00e1di v\u010delky, poletuj\u00edc\u00ed z&nbsp;kv\u00edtku na kv\u00edtek, tato rostlina je pro V\u00e1s to prav\u00e9.Tymi\u00e1n je, sv\u011bte div se, druh mate\u0159\u00eddou\u0161ky. Jedin\u00fd rozd\u00edl je, \u017ee maj\u00ed d\u0159evnat\u011bj\u00edc\u00ed lodyhy. Op\u011bt se jedn\u00e1 o bylinku, kter\u00e1 nevy\u017eaduje pravidelnou z\u00e1livku a such\u00e1 zem j\u00ed nevad\u00ed. Pou\u017e\u00edv\u00e1 se nejen jako ko\u0159en\u00ed do j\u00eddla, nyn\u00ed je to ji\u017e \u010dast\u011bj\u0161\u00ed p\u0159\u00edpad, ale tak\u00e9 m\u00e1 l\u00e9\u010div\u00e9 \u00fa\u010dinky. Pom\u00e1h\u00e1 proti pl\u00edsn\u00edm a bakteri\u00edm, dokonce v\u00fdvar z&nbsp;tymi\u00e1nu je dobr\u00fd na zm\u00edrn\u011bn\u00ed ka\u0161le.Oreg\u00e1no, neboli dobromysl, op\u011bt nevy\u017eaduje z\u00e1livku. D\u00e1 se p\u011bstovat i v&nbsp;kv\u011btin\u00e1\u010d\u00edch. Pokud ji p\u011bstujete na zahr\u00e1dk\u00e1ch, po\u010d\u00edtejte s&nbsp;t\u00edm, \u017ee pokud vysemen\u00ed, bude dal\u0161\u00ed rok tak\u0159ka v\u0161ude kolem. M\u00e1 protiz\u00e1n\u011btliv\u00e9 \u00fa\u010dinky, hlavn\u00ed je ale schopnost bylinky pom\u00e1hat proti k\u0159e\u010d\u00edm sval\u016f. Oreg\u00e1no m\u016f\u017eete nal\u00e9zt i v&nbsp;kuchyni, kdy se pou\u017e\u00edv\u00e1 ve velk\u00e9m do st\u0159edomo\u0159sk\u00e9 kuchyn\u011b.Libe\u010dek je ji\u017e m\u00e9n\u011b zn\u00e1m\u00e1 bylina, kter\u00e1 se vyu\u017e\u00edv\u00e1 zejm\u00e9na v&nbsp;kuchyn\u00edch. Listy i lodyhy rostliny jsou siln\u011b aromatick\u00e9, proto kdy\u017e se p\u0159id\u00e1v\u00e1 do j\u00eddla, ned\u00e1v\u00e1 se byliny moc. I tak dok\u00e1\u017ee j\u00eddlo svou chut\u00ed a v\u016fn\u00ed naprosto zm\u011bnit. Co se t\u00fdk\u00e1 l\u00e9ka\u0159sk\u00e9ho pou\u017eit\u00ed, m\u016f\u017eete si z&nbsp;libe\u010dku uva\u0159it \u010daj, kter\u00fd pak p\u016fsob\u00ed mo\u010dopudn\u011b.M\u00e1ta je bylinka, kter\u00e1 se v&nbsp;posledn\u00edch letech t\u011b\u0161\u00ed velk\u00e9 popularit\u011b. A nem\u016f\u017ee za to jen n\u00e1poj s&nbsp;n\u00e1zvem Mojito. Zn\u00e1m\u00e1 je pro svou mentolovou v\u016fni a chu\u0165, proto se pou\u017e\u00edv\u00e1 i pro v\u00fdrobu mast\u00ed \u010di bonbon\u016f. M\u00e1tov\u00fd \u010daj nejen, \u017ee zah\u0159eje, ale pokud c\u00edt\u00edte, \u017ee budete nemocn\u00ed, pom\u00e1h\u00e1 s&nbsp;uvoln\u011bn\u00edm nosu a dutin. Jen si d\u00e1vejte pozor, aby se m\u00e1t\u011b vyh\u00fdbaly t\u011bhotn\u00e9 \u017eeny. Pro n\u011b nen\u00ed vhodn\u00e1.Medu\u0148ka von\u00ed po citronu, to je jej\u00ed hlavn\u00ed pozn\u00e1vac\u00ed znamen\u00ed. Sta\u010d\u00ed promnout l\u00edstek, aby se uvolnily silice a citronov\u00e1 v\u016fn\u011b se roznese po okol\u00ed. K&nbsp;su\u0161en\u00ed nen\u00ed moc vhodn\u00e1, silice ztr\u00e1c\u00ed pak svou v\u016fni. Ov\u0161em pou\u017eit\u00ed \u010derstv\u00e9 bylinky do va\u0159en\u00ed, kol\u00e1\u010d\u016f \u010di n\u00e1poj\u016f obzvl\u00e1\u0161tn\u00ed chu\u0165. N\u011bkdy dokonce m\u016f\u017ee nahradit i citronovou k\u016fru.                                                                                                                                                                                                                                                                                                                                                                                        4.4\/5 - (8 votes)        "},{"@context":"https:\/\/schema.org\/","@type":"BreadcrumbList","itemListElement":[{"@type":"ListItem","position":1,"name":"Bylinky na\u0161ich zahrad","item":"https:\/\/www.teicon.cz\/bylinky-nasich-zahrad\/#breadcrumbitem"}]}]