[{"@context":"https:\/\/schema.org\/","@type":"Article","@id":"https:\/\/www.teicon.cz\/co-kdyz-nechceme-okrasny-travnik\/#Article","mainEntityOfPage":"https:\/\/www.teicon.cz\/co-kdyz-nechceme-okrasny-travnik\/","headline":"Co kdy\u017e nechceme okrasn\u00fd tr\u00e1vn\u00edk","name":"Co kdy\u017e nechceme okrasn\u00fd tr\u00e1vn\u00edk","description":"N\u011bkomu se neda\u0159\u00ed, aby m\u011bl na zahrad\u011b p\u011bkn\u00fd okrasn\u00fd tr\u00e1vn\u00edk, tak\u017ee se rozhodne, \u017ee m\u00edsto tr\u00e1pen\u00ed se se skom\u00edraj\u00edc\u00ed tr\u00e1vou zvol\u00ed v\u00fdhodn\u011bj\u0161\u00ed \u0159e\u0161en\u00ed. Jin\u00fd zase d\u00e1v\u00e1&#46;&#46;&#46;","datePublished":"2023-05-24","dateModified":"2023-05-24","author":{"@type":"Person","@id":"https:\/\/www.teicon.cz\/author\/#Person","name":"","url":"https:\/\/www.teicon.cz\/author\/","identifier":1,"image":{"@type":"ImageObject","@id":"https:\/\/secure.gravatar.com\/avatar\/c36ac855b1ee9cce96e09824fb5426d6eaccd04233fbf51e04e067ccd1b5fe13?s=96&d=mm&r=g","url":"https:\/\/secure.gravatar.com\/avatar\/c36ac855b1ee9cce96e09824fb5426d6eaccd04233fbf51e04e067ccd1b5fe13?s=96&d=mm&r=g","height":96,"width":96}},"publisher":{"@type":"Organization","name":"teicon.cz","logo":{"@type":"ImageObject","@id":"\/logo.png","url":"\/logo.png","width":600,"height":60}},"image":{"@type":"ImageObject","@id":"https:\/\/www.teicon.cz\/wp-content\/uploads\/img_a294380_w2155_t1506344405.jpg","url":"https:\/\/www.teicon.cz\/wp-content\/uploads\/img_a294380_w2155_t1506344405.jpg","height":0,"width":0},"url":"https:\/\/www.teicon.cz\/co-kdyz-nechceme-okrasny-travnik\/","wordCount":432,"articleBody":"N\u011bkomu se neda\u0159\u00ed, aby m\u011bl na zahrad\u011b p\u011bkn\u00fd okrasn\u00fd tr\u00e1vn\u00edk, tak\u017ee se rozhodne, \u017ee m\u00edsto tr\u00e1pen\u00ed se se skom\u00edraj\u00edc\u00ed tr\u00e1vou zvol\u00ed v\u00fdhodn\u011bj\u0161\u00ed \u0159e\u0161en\u00ed. Jin\u00fd zase d\u00e1v\u00e1 p\u0159ednost kvetouc\u00ed zahrad\u011b nam\u00edsto neust\u00e1l\u00e9ho vr\u010den\u00ed seka\u010dky, a u\u017e\u00edv\u00e1 si rad\u011bji pta\u010d\u00edho zp\u011bvu a v\u016fn\u011b kv\u011btin. D\u016fvod\u016f, pro\u010d se rozhodnete m\u00edt nam\u00edsto okrasn\u00e9ho tr\u00e1vn\u00edku rad\u011bji vysazen\u00e9 rostliny a ke\u0159e, m\u016f\u017ee b\u00fdt hned n\u011bkolik. V ka\u017ed\u00e9m p\u0159\u00edpad\u011b budete m\u00edt vd\u011b\u010dn\u011bj\u0161\u00ed kvetouc\u00ed spole\u010dn\u00edky a m\u00e9n\u011b pr\u00e1ce s \u00fadr\u017ebou tr\u00e1vn\u00edku.&#13; &#13; Trvalkov\u00e9 z\u00e1hony&#13; Trvalkov\u00fd z\u00e1hon je o mnoho m\u00e9n\u011b n\u00e1ro\u010dn\u00fd na \u00fapravu ne\u017e tr\u00e1vn\u00edk. Trvalky nepot\u0159ebuj\u00ed tolik hnojiva ani vody, a kone\u010dn\u00fdm v\u00fdsledkem je p\u0159ekr\u00e1sn\u011b a von\u00edc\u00ed kvetouc\u00ed plocha. A kdy\u017e dob\u0159e zvol\u00edte kompozici, pokvetou v\u00e1m kv\u011btiny od jara do podzimu. Pohr\u00e1t si nav\u00edc m\u016f\u017eete nejen s tvary rostlin, ale tak\u00e9 barvami kv\u011bt\u016f a list\u016f, kter\u00e9 se vz\u00e1jemn\u011b skv\u011ble dopl\u0148uj\u00ed. D\u00edky sv\u00e9mu bujn\u00e9mu r\u016fstu \u00fasp\u011b\u0161n\u011b konkuruj\u00ed plevelu. Jejich uplatn\u011bn\u00ed najdete nejen na v\u011bt\u0161\u00edch ploch\u00e1ch, pod stromy, na such\u00fdch m\u00edstech, ale tak\u00e9 ve st\u00ednu.&#13;  &#13; Okrasn\u00e9 ke\u0159e&#13; Vhodn\u00e9 jsou n\u00edzk\u00e9 druhy d\u0159evin a ke\u0159\u00edk\u016f, kter\u00fdm se da\u0159\u00ed nejen na m\u00edstech, kde byl doposud tr\u00e1vn\u00edk, ale tak\u00e9 ve svaz\u00edch \u010di jin\u00fdch such\u00fdch stanovi\u0161t\u00edch. Zvolit m\u016f\u017eete nap\u0159\u00edklad plaziv\u00e9 r\u016f\u017ee, t\u0159ezalku \u010di kru\u010dinku. Aby v\u00e1m d\u0159eviny rychleji pokryly po\u017eadovanou plochu, zahust\u011bte jejich v\u00fdsadbu. V prvn\u00edm roce jejich vysazen\u00ed jim v\u011bnujte dostate\u010dnou pozornost, a i kdy\u017e jsou to odoln\u00e9 druhy, dop\u0159\u00e1vejte jim zprvu dostatek vl\u00e1hy. Za to v\u00e1s pot\u011b\u0161\u00ed svou zelen\u00ed i v zim\u011b.&#13; &#13; Okrasn\u00e9 tr\u00e1vy&#13; Okrasn\u00e9 tr\u00e1vy mohou b\u00fdt skv\u011blou exotickou n\u00e1hradou za oby\u010dejn\u00fd tr\u00e1vn\u00edk. Vyb\u00edrat \u010di kombinovat m\u016f\u017eete z mnoha vysok\u00fdch i n\u00edzk\u00fdch druh\u016f.&#13; Obl\u00e1zky&#13; Vhodn\u00fdm dopl\u0148kem kvetouc\u00ed louky m\u016f\u017ee b\u00fdt labyrint cesti\u010dek mezi z\u00e1hony. Kdy\u017e zvol\u00edte cesti\u010dky z obl\u00e1zk\u016f, p\u00edsku, \u0161t\u011brku, kam\u00ednk\u016f nebo k\u016fry, nab\u00eddnou va\u0161im chodidl\u016fm nav\u00edc i p\u0159\u00edjemn\u00e9 hmatov\u00e9 vjemy.&#13;                                                                                                                                                                                                                                                                                                                                                                                         4.1\/5 - (15 votes)        "},{"@context":"https:\/\/schema.org\/","@type":"BreadcrumbList","itemListElement":[{"@type":"ListItem","position":1,"name":"Co kdy\u017e nechceme okrasn\u00fd tr\u00e1vn\u00edk","item":"https:\/\/www.teicon.cz\/co-kdyz-nechceme-okrasny-travnik\/#breadcrumbitem"}]}]