[{"@context":"https:\/\/schema.org\/","@type":"Article","@id":"https:\/\/www.teicon.cz\/nezapominejme-na-nase-nejmensi\/#Article","mainEntityOfPage":"https:\/\/www.teicon.cz\/nezapominejme-na-nase-nejmensi\/","headline":"Nezapom\u00ednejme na na\u0161e nejmen\u0161\u00ed","name":"Nezapom\u00ednejme na na\u0161e nejmen\u0161\u00ed","description":"Na&Aring;&iexcl;i mal&Atilde;&shy; p&Aring;&#8482;ed&Aring;&iexcl;kol&Atilde;&iexcl;ci si zaslou&Aring;&frac34;&Atilde;&shy; oslavit konec sv&Atilde;&copy;ho &acirc;&#8364;&#339;&Aring;&iexcl;kolkov&Atilde;&copy;ho&acirc;&#8364; roku. V&Aring;&frac34;dy&Aring;&yen; jim skon&Auml;&Atilde;&shy; kus d&Auml;&#8250;tsk&Atilde;&copy;ho sv&Auml;&#8250;ta, kter&Atilde;&frac12; se skl&Atilde;&iexcl;dal pouze z her a bezstarostn&Atilde;&copy;ho &Aring;&frac34;ivota. Ne,&#46;&#46;&#46;","datePublished":"2023-03-07","dateModified":"2024-03-12","author":{"@type":"Person","@id":"https:\/\/www.teicon.cz\/author\/#Person","name":"","url":"https:\/\/www.teicon.cz\/author\/","identifier":1,"image":{"@type":"ImageObject","@id":"https:\/\/secure.gravatar.com\/avatar\/c36ac855b1ee9cce96e09824fb5426d6eaccd04233fbf51e04e067ccd1b5fe13?s=96&d=mm&r=g","url":"https:\/\/secure.gravatar.com\/avatar\/c36ac855b1ee9cce96e09824fb5426d6eaccd04233fbf51e04e067ccd1b5fe13?s=96&d=mm&r=g","height":96,"width":96}},"publisher":{"@type":"Organization","name":"teicon.cz","logo":{"@type":"ImageObject","@id":"\/logo.png","url":"\/logo.png","width":600,"height":60}},"url":"https:\/\/www.teicon.cz\/nezapominejme-na-nase-nejmensi\/","wordCount":464,"articleBody":"Na&Aring;&iexcl;i mal&Atilde;&shy; p&Aring;&#8482;ed&Aring;&iexcl;kol&Atilde;&iexcl;ci si zaslou&Aring;&frac34;&Atilde;&shy; oslavit konec sv&Atilde;&copy;ho &acirc;&#8364;&#339;&Aring;&iexcl;kolkov&Atilde;&copy;ho&acirc;&#8364; roku. V&Aring;&frac34;dy&Aring;&yen; jim skon&Auml;&Atilde;&shy; kus d&Auml;&#8250;tsk&Atilde;&copy;ho sv&Auml;&#8250;ta, kter&Atilde;&frac12; se skl&Atilde;&iexcl;dal pouze z her a bezstarostn&Atilde;&copy;ho &Aring;&frac34;ivota. Ne, &Aring;&frac34;e by se jako p&Aring;&#8482;&Atilde;&shy;&Aring;&iexcl;t&Atilde;&shy; mal&Atilde;&shy; &Aring;&iexcl;kol&Atilde;&iexcl;&Auml;ci m&Auml;&#8250;li &Auml;eho ob&Atilde;&iexcl;vat. I jim zbude ur&Auml;it&Auml;&#8250; spoustu &Auml;asu na hran&Atilde;&shy; a z&Atilde;&iexcl;bavu, ale p&Aring;&#8482;ece jen tu na prvn&Atilde;&shy;m m&Atilde;&shy;st&Auml;&#8250; budou ji&Aring;&frac34; povinnosti, kter&Atilde;&copy; nebude mo&Aring;&frac34;no zanedb&Atilde;&iexcl;vat a podce&Aring;&#710;ovat. V mnoha &Aring;&iexcl;kolk&Atilde;&iexcl;ch si pan&Atilde;&shy; u&Auml;itelky s p&Aring;&#8482;ed&Aring;&iexcl;kol&Atilde;&iexcl;ky na rozlou&Auml;enou p&Aring;&#8482;ipravuj&Atilde;&shy; kulturn&Atilde;&shy; vystoupen&Atilde;&shy;, aby rodi&Auml;&Aring;&macr;m a ve&Aring;&#8482;ejnosti uk&Atilde;&iexcl;zaly, jac&Atilde;&shy; jsou to &Aring;&iexcl;ikulov&Atilde;&copy;.Pro p&Aring;&#8482;&Atilde;&shy;jemnou a slavnostn&Atilde;&shy; atmosf&Atilde;&copy;ruA stejn&Auml;&#8250; jako &Aring;&frac34;&Atilde;&iexcl;ci dev&Atilde;&iexcl;t&Atilde;&frac12;ch ro&Auml;n&Atilde;&shy;k&Aring;&macr; &Auml;i maturanti, i tito mal&Atilde;&shy;, je&Aring;&iexcl;t&Auml;&#8250; st&Atilde;&iexcl;le p&Aring;&#8482;ed&Aring;&iexcl;kol&Atilde;&iexcl;ci, si zaslou&Aring;&frac34;&Atilde;&shy; kr&Atilde;&iexcl;sn&Atilde;&copy; tri&Auml;ko s potiskem, na kter&Atilde;&copy;m by sv&Atilde;&frac12;m prvn&Atilde;&shy;m n&Atilde;&iexcl;pisem oznamovali, &Aring;&frac34;e to slavnostn&Auml;&#8250; dot&Atilde;&iexcl;hli a&Aring;&frac34; k prvn&Atilde;&shy; t&Aring;&#8482;&Atilde;&shy;d&Auml;&#8250;. P&Auml;&#8250;veck&Atilde;&copy; a recita&Auml;n&Atilde;&shy; vystoupen&Atilde;&shy; v tomto oble&Auml;en&Atilde;&shy; z nich tak ud&Auml;&#8250;l&Atilde;&iexcl; jak&Atilde;&copy;si mal&Atilde;&copy; skoro dosp&Auml;&#8250;l&Atilde;&iexcl;ky. Dop&Aring;&#8482;ejte jim ten pocit d&Aring;&macr;le&Aring;&frac34;itosti, na kter&Atilde;&frac12; budou ur&Auml;it&Auml;&#8250; vzpom&Atilde;&shy;nat i v dosp&Auml;&#8250;losti. R&Atilde;&iexcl;di v&Atilde;&iexcl;m pro va&Aring;&iexcl;e ratolesti zajist&Atilde;&shy;me potisk tri&Auml;ek v&Auml;etn&Auml;&#8250; tri&Auml;ek samotn&Atilde;&frac12;ch.                                                                                                                                                                                                                                                                                                                                                                                        4.8\/5 - (10 votes)        "},{"@context":"https:\/\/schema.org\/","@type":"BreadcrumbList","itemListElement":[{"@type":"ListItem","position":1,"name":"Nezapom\u00ednejme na na\u0161e nejmen\u0161\u00ed","item":"https:\/\/www.teicon.cz\/nezapominejme-na-nase-nejmensi\/#breadcrumbitem"}]}]