[{"@context":"https:\/\/schema.org\/","@type":"Article","@id":"https:\/\/www.teicon.cz\/potrebujete-fotografa\/#Article","mainEntityOfPage":"https:\/\/www.teicon.cz\/potrebujete-fotografa\/","headline":"Pot\u0159ebujete fotografa?","name":"Pot\u0159ebujete fotografa?","description":"Existuje nespo\u010det p\u0159\u00edpad\u016f, kdy by se v\u00e1m hodilo najmout si fotografku. Ji\u017e d\u00e1vno toti\u017e naplat\u00ed to, \u017ee ka\u017ed\u00fd kdo m\u00e1 fotoapar\u00e1t, m\u016f\u017ee b\u00fdt fotografem. Fotografov\u00e9 jsou&#46;&#46;&#46;","datePublished":"2021-01-17","dateModified":"2024-01-18","author":{"@type":"Person","@id":"https:\/\/www.teicon.cz\/author\/#Person","name":"","url":"https:\/\/www.teicon.cz\/author\/","identifier":1,"image":{"@type":"ImageObject","@id":"https:\/\/secure.gravatar.com\/avatar\/c36ac855b1ee9cce96e09824fb5426d6eaccd04233fbf51e04e067ccd1b5fe13?s=96&d=mm&r=g","url":"https:\/\/secure.gravatar.com\/avatar\/c36ac855b1ee9cce96e09824fb5426d6eaccd04233fbf51e04e067ccd1b5fe13?s=96&d=mm&r=g","height":96,"width":96}},"publisher":{"@type":"Organization","name":"teicon.cz","logo":{"@type":"ImageObject","@id":"\/logo.png","url":"\/logo.png","width":600,"height":60}},"image":{"@type":"ImageObject","@id":"https:\/\/www.teicon.cz\/wp-content\/uploads\/pair-3852277_1920.jpg","url":"https:\/\/www.teicon.cz\/wp-content\/uploads\/pair-3852277_1920.jpg","height":0,"width":0},"url":"https:\/\/www.teicon.cz\/potrebujete-fotografa\/","about":["Spole\u010dnosti"],"wordCount":381,"articleBody":"      Existuje nespo\u010det p\u0159\u00edpad\u016f, kdy by se v\u00e1m hodilo najmout si fotografku. Ji\u017e d\u00e1vno toti\u017e naplat\u00ed to, \u017ee ka\u017ed\u00fd kdo m\u00e1 fotoapar\u00e1t, m\u016f\u017ee b\u00fdt fotografem. Fotografov\u00e9 jsou um\u011blci, kte\u0159\u00ed spln\u00ed ve\u0161ker\u00e9 va\u0161e p\u0159\u00e1n\u00ed. Nap\u0159\u00edklad fotografka zl\u00edn nejen\u017ee poskytuje naprosto profesion\u00e1ln\u00ed slu\u017eby, ale ned\u011bl\u00e1 j\u00ed probl\u00e9m za v\u00e1mi ani kamkoliv dojet. V\u00edte, jak\u00e9 p\u0159\u00edle\u017eitosti a \u017eivotn\u00ed miln\u00edky se bez fotografa zkr\u00e1tka neobejdou?Prvn\u00edm momentem, kter\u00fd si vy\u017e\u00e1d\u00e1 profesion\u00e1ln\u00edho fotografa, je svatba. Zkr\u00e1tka a\u0165 u\u017e chcete, nebo ne, svatba je nejv\u00fdznamn\u011bj\u0161\u00ed den v lidsk\u00e9m \u017eivot\u011b, nen\u00ed ta divu, \u017ee na ni chce m\u00edt ka\u017ed\u00fd mnoho vzpom\u00ednek. Profesion\u00e1ln\u00ed fotografka zv\u011bt\u0161\u00ed va\u0161e v\u011b\u010dn\u00e9 chv\u00edle od po\u010d\u00e1tku, a\u017e do konce. Fotografka obvykle fot\u00ed jak p\u0159\u00edpravy \u017eenicha a nev\u011bsty, ob\u0159ad, tak i p\u00e1rov\u00e9 novoman\u017eelsk\u00e9 focen\u00ed.Dal\u0161\u00ed moment, kter\u00fd si vy\u017eaduje fotografa, je t\u011bhotenstv\u00ed. Pokud jste v po\u017eehnan\u00e9m stavu, v\u011b\u0159te, \u017ee tato situace se u\u017e neum\u00ed nikdy opakovat. Nehled\u011b na to, \u017ee a\u017e se miminko narod\u00ed, m\u016f\u017eete mu po zbytek \u017eivota ukazovat kr\u00e1sn\u00e9 chv\u00edle v t\u011bhotenstv\u00ed. Tyto fotografie se v\u011bt\u0161inou fot\u00ed bu\u010f v ateli\u00e9ru, nebo v p\u0159\u00edrod\u011b. To, kde se bude fotografovat, z\u00e1le\u017e\u00ed na p\u0159\u00e1n\u00ed p\u00e1ru.Mimo jin\u00e9 se v\u00e1m fotograf bude hodit i na v\u00fdznamn\u00fdch \u017eivotn\u00edch jubile\u00edch. Bude v\u00e1m v nejbli\u017e\u0161\u00ed dob\u011b t\u0159icet, \u010dty\u0159icet, nebo pades\u00e1t? Potom jist\u011b ocen\u00edte p\u00e1r kr\u00e1sn\u00fdch fotografi\u00ed z velk\u00e9 oslavy! Kdo by necht\u011bl m\u00edt profesion\u00e1ln\u00ed fotografie, na kter\u00fdch sfouk\u00e1v\u00e1te dort, tan\u010d\u00edte nebo oslavujete? Samoz\u0159ejmost\u00ed je i to, \u017ee sv\u00fdm host\u016fm m\u016f\u017eete ud\u011blat fotokoutek, nebo jinou z\u00e1bavu s fotografem spojenou.V\u00fdborn\u00fd fotograf v\u00e1m toti\u017e nep\u0159ed\u00e1 fotografie pouze v digit\u00e1ln\u00ed podob\u011b, ale i vyti\u0161t\u011bn\u00e9. M\u016f\u017eete si je tak ihned nalepit do sv\u00e9ho rodinn\u00e9ho alba. Tyto alba si pak m\u016f\u017eete zdobit dle sv\u00e9ho. V\u00fdborn\u011b v nich vypadaj\u00ed nap\u0159\u00edklad n\u00e1lepky, nebo kresby.                                                                                                                                                                                                                                                                                                                                                                                          3\/5 - (4 votes)        "},{"@context":"https:\/\/schema.org\/","@type":"BreadcrumbList","itemListElement":[{"@type":"ListItem","position":1,"name":"Pot\u0159ebujete fotografa?","item":"https:\/\/www.teicon.cz\/potrebujete-fotografa\/#breadcrumbitem"}]}]