[{"@context":"https:\/\/schema.org\/","@type":"Article","@id":"https:\/\/www.teicon.cz\/prima-pocitace\/#Article","mainEntityOfPage":"https:\/\/www.teicon.cz\/prima-pocitace\/","headline":"Prima po\u010d\u00edta\u010de","name":"Prima po\u010d\u00edta\u010de","description":"J\u00e1 nem\u016f\u017eu opravdu nikdy zapomenout na to, jak jsme se sv\u00fdm partnerem jeli na v\u00fdlet k moj\u00ed kamar\u00e1dce do Prahy. My jsme byli kousek za Brnem&#46;&#46;&#46;","datePublished":"2023-10-02","dateModified":"2023-10-02","author":{"@type":"Person","@id":"https:\/\/www.teicon.cz\/author\/#Person","name":"","url":"https:\/\/www.teicon.cz\/author\/","identifier":1,"image":{"@type":"ImageObject","@id":"https:\/\/secure.gravatar.com\/avatar\/c36ac855b1ee9cce96e09824fb5426d6eaccd04233fbf51e04e067ccd1b5fe13?s=96&d=mm&r=g","url":"https:\/\/secure.gravatar.com\/avatar\/c36ac855b1ee9cce96e09824fb5426d6eaccd04233fbf51e04e067ccd1b5fe13?s=96&d=mm&r=g","height":96,"width":96}},"publisher":{"@type":"Organization","name":"teicon.cz","logo":{"@type":"ImageObject","@id":"\/logo.png","url":"\/logo.png","width":600,"height":60}},"image":{"@type":"ImageObject","@id":"https:\/\/www.teicon.cz\/wp-content\/uploads\/ecommerce-2301933_1280_5.jpg","url":"https:\/\/www.teicon.cz\/wp-content\/uploads\/ecommerce-2301933_1280_5.jpg","height":0,"width":0},"url":"https:\/\/www.teicon.cz\/prima-pocitace\/","about":["IT"],"wordCount":458,"articleBody":"J\u00e1 nem\u016f\u017eu opravdu nikdy zapomenout na to, jak jsme se sv\u00fdm partnerem jeli na v\u00fdlet k moj\u00ed kamar\u00e1dce do Prahy. My jsme byli kousek za Brnem a \u0159ekli jsme si, \u017ee pojedeme vlakem. Sice m\u00e1me automobil a cht\u011bli jsme, jako prvn\u011b jet automobilem. Ale m\u016fj partner \u0159ekl, \u017ee vlastn\u011b vlakem to bude takov\u00e9 levn\u011bj\u0161\u00ed a v\u00edce bezpe\u010dn\u00e9. Sice m\u00e1me oba dva \u0159idi\u010dsk\u00e9 pr\u016fkazy, ale na takov\u00e9 d\u00e1lky si opravdu netroufneme. \u0158idi\u010dsk\u00e9 pr\u016fkazy m\u00e1me p\u011bt a sedm let a \u0159ekli jsme si, \u017ee asi je\u0161t\u011b nejsme tak moc vyje\u017ed\u011bn\u00ed, \u017ee bychom si troufli na takovou d\u00e1lku. Tak\u017ee nakonec to dopadlo, \u017ee jsme jeli vlakem. Tak\u00e9 jsme si vzali s sebou notebook, abychom se mohli koukat t\u0159eba na n\u011bjak\u00e9 filmy. Cesta m\u011bla trvat t\u0159i a p\u016fl hodiny. Tak jsme si \u0159ekli, \u017ee ne\u017e abychom jenom koukali z okna z vlaku, \u017ee si pust\u00edme na notebooku n\u011bjak\u00fd film. A v\u00edte, co se potom stalo? My jsme samoz\u0159ejm\u011b u toho filmu usnuli, sed\u011bli jsme v kabince, kde jsme byli \u00fapln\u011b sami. Po\u010d\u00edta\u010d jsme m\u011bli na stole\u010dku ve vlaku, tedy vlastn\u011b to byl notebook, ale my mu \u0159\u00edk\u00e1me po\u010d\u00edta\u010d, tohle je ale \u00fapln\u011b jedno. Nejhor\u0161\u00ed na tom bylo, \u017ee on n\u00e1m ho n\u011bkdo ukradl. Prvn\u011b jsme si mysleli, \u017ee si t\u0159eba z n\u00e1s n\u011bkdo d\u011bl\u00e1 srandu anebo \u017ee partner ho schoval, ale partner si zase myslel, \u017ee jsem j\u00e1 notebook schovala, jenom\u017ee to nebyla pravda. Asi dvacet minut jsme ho hledali \u00fapln\u011b v\u0161ude, prohledali jsme dva vag\u00f3ny, ale do t\u011bch dal\u0161\u00edch jsme ne\u0161li, proto\u017ee jsme zase museli hl\u00eddat na\u0161e v\u011bci v na\u0161em kup\u00e9 ve vlaku. Bylo to opravdu hrozn\u00e9, byla jsem opravdu na dn\u011b. Notebook n\u00e1s st\u00e1l sedmn\u00e1ct tis\u00edc korun a m\u011bli jsme ho teprve asi p\u011bt nebo \u0161est m\u011bs\u00edc\u016f. Museli jsme to tak\u00e9 nahl\u00e1sit policii, jenom\u017ee jsme nev\u011bd\u011bli, kam m\u00e1me j\u00edt, proto\u017ee jsme byli na cest\u011b a ani jsme nev\u011bd\u011bli vlastn\u011b, v jak\u00e9 stanici n\u00e1m ho n\u011bkdo ukradl, ani nev\u00edme, jak je to dlouho, proto\u017ee my jsme spali. Nikdy na to nezapomenu. I kdy\u017e jsme to potom nakonec v Praze dali na policii, tak notebook se nikdy nena\u0161el. Je tomu u\u017e patn\u00e1ct let a mysl\u00edm si, \u017ee ten notebook u\u017e ani snad ne\u017eije. U\u017e je ur\u010dit\u011b rozbit\u00fd, a tak douf\u00e1m, \u017ee alespo\u0148 zlod\u011bji slou\u017eil dob\u0159e.\u00a0                                                                                                                                                                                                                                                                                                                                                                                        5\/5 - (3 votes)        "},{"@context":"https:\/\/schema.org\/","@type":"BreadcrumbList","itemListElement":[{"@type":"ListItem","position":1,"name":"Prima po\u010d\u00edta\u010de","item":"https:\/\/www.teicon.cz\/prima-pocitace\/#breadcrumbitem"}]}]