[{"@context":"https:\/\/schema.org\/","@type":"Article","@id":"https:\/\/www.teicon.cz\/proc-bych-se-vracel\/#Article","mainEntityOfPage":"https:\/\/www.teicon.cz\/proc-bych-se-vracel\/","headline":"Pro\u010d bych se vracel?","name":"Pro\u010d bych se vracel?","description":"Jsou m\u00edsta, kam se lid\u00e9 r\u00e1di vracej\u00ed. A tak\u00e9 m\u00edsta, kde jim sice bylo dob\u0159e, ale nevracej\u00ed se tam. Proto\u017ee sv\u011bt nab\u00edz\u00ed nep\u0159ebern\u00e9 mno\u017estv\u00ed cest, po&#46;&#46;&#46;","datePublished":"2022-11-21","dateModified":"2022-11-21","author":{"@type":"Person","@id":"https:\/\/www.teicon.cz\/author\/#Person","name":"","url":"https:\/\/www.teicon.cz\/author\/","identifier":1,"image":{"@type":"ImageObject","@id":"https:\/\/secure.gravatar.com\/avatar\/c36ac855b1ee9cce96e09824fb5426d6eaccd04233fbf51e04e067ccd1b5fe13?s=96&d=mm&r=g","url":"https:\/\/secure.gravatar.com\/avatar\/c36ac855b1ee9cce96e09824fb5426d6eaccd04233fbf51e04e067ccd1b5fe13?s=96&d=mm&r=g","height":96,"width":96}},"publisher":{"@type":"Organization","name":"teicon.cz","logo":{"@type":"ImageObject","@id":"\/logo.png","url":"\/logo.png","width":600,"height":60}},"image":{"@type":"ImageObject","@id":"https:\/\/www.teicon.cz\/wp-content\/uploads\/d_8.jpg","url":"https:\/\/www.teicon.cz\/wp-content\/uploads\/d_8.jpg","height":0,"width":0},"url":"https:\/\/www.teicon.cz\/proc-bych-se-vracel\/","about":["Cestov\u00e1n\u00ed"],"wordCount":417,"articleBody":"Jsou m\u00edsta, kam se lid\u00e9 r\u00e1di vracej\u00ed. A tak\u00e9 m\u00edsta, kde jim sice bylo dob\u0159e, ale nevracej\u00ed se tam. Proto\u017ee sv\u011bt nab\u00edz\u00ed nep\u0159ebern\u00e9 mno\u017estv\u00ed cest, po kter\u00fdch se lze ub\u00edrat a kter\u00e9 ani ten nejzcestovalej\u0161\u00ed \u010dlov\u011bk nikde neprojde v\u0161echny, kolik jich je. A tak se tak trochu vrac\u00edm a trochu nevrac\u00edm. V\u017edy do Ji\u017en\u00ed Afriky, kde u\u017e jsem byl devaten\u00e1ctkr\u00e1t a oslav\u011b lo\u0148sk\u00fdch \u201advacetin\u2018 zabr\u00e1nil jenom p\u0159edchoz\u00ed koronavirus, poka\u017ed\u00e9 v\u0161ak n\u011bkam jinam. A kdy\u017e se tak vrac\u00edm ve vzpom\u00ednk\u00e1ch zp\u011bt, kam bych se tam vr\u00e1til a pro\u010d? Je toho samoz\u0159ejm\u011b spousta, ale aspo\u0148 tak trochu zavzpom\u00edn\u00e1m.Kdybych let\u011bl znovu do Kapsk\u00e9ho M\u011bsta, pak t\u0159eba abych op\u011bt z\u00a0vany pozoroval oknem hust\u00e9 mraky val\u00edc\u00ed se p\u0159\u00edmo na mne ze Stolov\u00e9 Hory.Kdybych let\u011bl do Johannesburgu, onoho m\u00e9ho \u201aJen\u00edkova Hr\u00e1dku\u2018, pak mo\u017en\u00e1 za Ezromem, kter\u00fd hl\u00eddal plot kolem ghetta dom\u016f obehnan\u00fdch zdmi, kde jsme \u017eili v\u00a0bezpe\u010d\u00ed my bohat\u00ed, o jejich\u017e \u017eivotn\u00ed \u00farovni si mohl nechat leda tak zd\u00e1t. Nebo za Christophanem, kter\u00fd hl\u00eddal vchod do banky a krom\u011b toho, \u017ee jsme si v\u00edcekr\u00e1t hezky popov\u00eddali, by\u0165 jsme si skoro nerozum\u011bli, nedopustil, aby m\u011b zast\u0159elili hl\u00edda\u010di panc\u00e9\u0159ovan\u00e9ho vozidla, kdy\u017e do on\u00e9 banky p\u0159ijeli pro pen\u00edze a j\u00e1 se podez\u0159ele ochom\u00fdtal p\u0159ed vchodem.Kdybych let\u011bl do Durbanu nebo East Londonu, pak abych se vyhnul m\u00edst\u016fm p\u0159epaden\u00ed. A ve V\u00fdchodn\u00edm Lond\u00fdn\u011b bych nam\u00edsto t\u011bch n\u011bkolika hodin v\u00a0nemocnici str\u00e1vil t\u011bch p\u00e1r hodin s\u00a0\u010dernou R\u016f\u017eenkou, kter\u00e1\u2026 No, o tom gentleman nemluv\u00ed.V\u00a0Kimberley bych se je\u0161t\u011b daleko usilovn\u011bji d\u00edval na zem a t\u0159eba by se mi po\u0161t\u011bstilo naj\u00edt n\u011bjak\u00fd ten povaluj\u00edc\u00ed se diamant, co\u017e se mi tam pochopiteln\u011b nepoda\u0159ilo.A tak bych mohl dlouho pokra\u010dovat. Proto\u017ee co m\u00edsto, to spousta vzpom\u00ednek. Kv\u016fli kter\u00fdm neuzn\u00e1v\u00e1m cestovatele, kte\u0159\u00ed jezd\u00ed ka\u017edoro\u010dn\u011b do Chorvatska, aby se tam jen rozvalili na pl\u00e1\u017ei. Proto\u017ee to je tot\u00e9\u017e jako le\u017eet na p\u00edsku u Lipna. Kde\u017eto le\u017eet t\u0159eba na Jane v\u00a0Pretorii\u2026                                                                                                                                                                                                                                                                                                                                                                                        4\/5 - (9 votes)        "},{"@context":"https:\/\/schema.org\/","@type":"BreadcrumbList","itemListElement":[{"@type":"ListItem","position":1,"name":"Pro\u010d bych se vracel?","item":"https:\/\/www.teicon.cz\/proc-bych-se-vracel\/#breadcrumbitem"}]}]