[{"@context":"https:\/\/schema.org\/","@type":"Article","@id":"https:\/\/www.teicon.cz\/pronajem-skladu-muze-byt-resenim\/#Article","mainEntityOfPage":"https:\/\/www.teicon.cz\/pronajem-skladu-muze-byt-resenim\/","headline":"Pron\u00e1jem skladu m\u016f\u017ee b\u00fdt \u0159e\u0161en\u00edm","name":"Pron\u00e1jem skladu m\u016f\u017ee b\u00fdt \u0159e\u0161en\u00edm","description":"Pokud p\u0159em\u00fd\u0161l\u00edte nad t\u00edm, co by pro v\u00e1s bylo nejlep\u0161\u00ed, pokud m\u00e1te probl\u00e9m n\u011bkam um\u00edstit v\u0161echny va\u0161e v\u011bci, pak pokud se n\u011bco nab\u00edz\u00ed, je to pron\u00e1jem&#46;&#46;&#46;","datePublished":"2023-06-21","dateModified":"2023-06-21","author":{"@type":"Person","@id":"https:\/\/www.teicon.cz\/author\/#Person","name":"","url":"https:\/\/www.teicon.cz\/author\/","identifier":1,"image":{"@type":"ImageObject","@id":"https:\/\/secure.gravatar.com\/avatar\/c36ac855b1ee9cce96e09824fb5426d6eaccd04233fbf51e04e067ccd1b5fe13?s=96&d=mm&r=g","url":"https:\/\/secure.gravatar.com\/avatar\/c36ac855b1ee9cce96e09824fb5426d6eaccd04233fbf51e04e067ccd1b5fe13?s=96&d=mm&r=g","height":96,"width":96}},"publisher":{"@type":"Organization","name":"teicon.cz","logo":{"@type":"ImageObject","@id":"\/logo.png","url":"\/logo.png","width":600,"height":60}},"image":{"@type":"ImageObject","@id":"https:\/\/www.teicon.cz\/wp-content\/uploads\/archive-1850170_1280.jpg","url":"https:\/\/www.teicon.cz\/wp-content\/uploads\/archive-1850170_1280.jpg","height":0,"width":0},"url":"https:\/\/www.teicon.cz\/pronajem-skladu-muze-byt-resenim\/","about":["Www"],"wordCount":460,"articleBody":"      Pokud p\u0159em\u00fd\u0161l\u00edte nad t\u00edm, co by pro v\u00e1s bylo nejlep\u0161\u00ed, pokud m\u00e1te probl\u00e9m n\u011bkam um\u00edstit v\u0161echny va\u0161e v\u011bci, pak pokud se n\u011bco nab\u00edz\u00ed, je to pron\u00e1jem skladu. Zejm\u00e9na ti, kte\u0159\u00ed bydl\u00ed v bytov\u00fdch domech, mohou m\u00edt probl\u00e9m um\u00edstit n\u011bkam v\u0161echny sv\u00e9 v\u011bci. Pronajm\u011bte si i vy sklad, proto\u017ee je dost mo\u017en\u00e9, \u017ee zjist\u00edte, \u017ee pro v\u00e1s bude n\u011bco takov\u00e9ho velk\u00e1 pomoc. Sklad pron\u00e1jem je n\u011bco, co v dne\u0161n\u00ed dob\u011b nen\u00ed v\u016fbec \u017e\u00e1dn\u00fd probl\u00e9m. Je mnoho lid\u00ed, kte\u0159\u00ed v\u00e1m r\u00e1di sklad pronajmou, jeliko\u017e jej nevyu\u017e\u00edvaj\u00ed. Spousta lid\u00ed tento n\u00e1pad velice ocen\u00ed, proto\u017ee pokud m\u00e1te skute\u010dn\u011b celou \u0159adu v\u011bc\u00ed, kter\u00e9 nen\u00ed kam d\u00e1t, nemus\u00ed b\u00fdt snadn\u00e9 vymyslet, kam je um\u00edstit.Pokud se zept\u00e1te n\u011bkoho z rodiny, kdo m\u00e1 nejen rodinn\u00fd d\u016fm, ale i gar\u00e1\u017e, jestli by se na\u0161lo m\u00edsto na p\u00e1r va\u0161ich v\u011bc\u00ed, je dost mo\u017en\u00e9, \u017ee byste se nesetkali s \u00fasp\u011bchem. Mnoho lid\u00ed nechce n\u011bkomu skladovat jejich v\u011bci a to, i kdy\u017e se jedn\u00e1 o rodinn\u00e9ho p\u0159\u00edslu\u0161n\u00edka. Nejlep\u0161\u00edm \u0159e\u0161en\u00edm je opravdu pronajmout si sklad, proto\u017ee zde m\u016f\u017eete bez obav v\u0161e um\u00edstit. Je ale pot\u0159eba naj\u00edt takov\u00fd sklad, kter\u00fd bude dostate\u010dn\u011b velk\u00fd, aby se zde v\u0161echny va\u0161e v\u011bci ve\u0161ly. Pokud by se stalo, \u017ee by se do dan\u00e9ho skladu neve\u0161ly v\u0161echny va\u0161e v\u011bci, je dost mo\u017en\u00e9, \u017ee byste z toho mohli b\u00fdt ne\u0161\u0165astn\u00ed, proto\u017ee i p\u0159esto, \u017ee byste v\u011bt\u0161inu v\u011bc\u00ed n\u011bkam um\u00edstili, by to byl probl\u00e9m, proto\u017ee zbytek by nebylo kde d\u00e1t.Sklad pron\u00e1jem je n\u011bco, po \u010dem byste se m\u011bli pod\u00edvat, proto\u017ee je dost mo\u017en\u00e9, \u017ee najdete n\u011bco, co by v\u00e1m mohlo vyhovovat a kam byste hlavn\u011b mohli v\u0161echny va\u0161e v\u011bci um\u00edstit. Pronajm\u011bte si sklad co nejd\u0159\u00edve, proto\u017ee je dost mo\u017en\u00e9, \u017ee d\u00edky n\u011b\u010demu  https:\/\/neoluxor.cz\/popularne-naucna\/vsechno-dobre-je-k-necemu-zle&#8211;229212\/ takov\u00e9mu budete m\u00edt ve va\u0161em dom\u011b \u010di byt\u011b najednou mnohem v\u00edce m\u00edsta, co\u017e mnoho lid\u00ed pot\u0159ebuje. N\u011bkte\u0159\u00ed lid\u00e9 sb\u00edraj\u00ed snad v\u0161e, co jim padne do oka. Pokud to m\u00e1te i vy stejn\u011b, pak je pochopiteln\u00e9, \u017ee nem\u00e1te spoustu v\u011bc\u00ed kam d\u00e1t. Zkuste si proto pronajmout sklad, kde jist\u011b nebude probl\u00e9m v\u0161e um\u00edstit.                                                                                                                                                                                                                                                                                                                                                                                          4.7\/5 - (4 votes)        "},{"@context":"https:\/\/schema.org\/","@type":"BreadcrumbList","itemListElement":[{"@type":"ListItem","position":1,"name":"Pron\u00e1jem skladu m\u016f\u017ee b\u00fdt \u0159e\u0161en\u00edm","item":"https:\/\/www.teicon.cz\/pronajem-skladu-muze-byt-resenim\/#breadcrumbitem"}]}]