[{"@context":"https:\/\/schema.org\/","@type":"Article","@id":"https:\/\/www.teicon.cz\/realizace-designu\/#Article","mainEntityOfPage":"https:\/\/www.teicon.cz\/realizace-designu\/","headline":"Realizace designu","name":"Realizace designu","description":"Mysl\u00edm si, \u017ee opravdu hodn\u011b lid\u00ed to chce m\u00edt doma p\u011bkn\u00e9. A j\u00e1 nejsem samoz\u0159ejm\u011b v\u00fdjimkou. Dokonce jsem ze za\u010d\u00e1tku byla takov\u00e1, \u017ee jsem byla velice&#46;&#46;&#46;","datePublished":"2022-11-16","dateModified":"2022-11-16","author":{"@type":"Person","@id":"https:\/\/www.teicon.cz\/author\/#Person","name":"","url":"https:\/\/www.teicon.cz\/author\/","identifier":1,"image":{"@type":"ImageObject","@id":"https:\/\/secure.gravatar.com\/avatar\/c36ac855b1ee9cce96e09824fb5426d6eaccd04233fbf51e04e067ccd1b5fe13?s=96&d=mm&r=g","url":"https:\/\/secure.gravatar.com\/avatar\/c36ac855b1ee9cce96e09824fb5426d6eaccd04233fbf51e04e067ccd1b5fe13?s=96&d=mm&r=g","height":96,"width":96}},"publisher":{"@type":"Organization","name":"teicon.cz","logo":{"@type":"ImageObject","@id":"\/logo.png","url":"\/logo.png","width":600,"height":60}},"image":{"@type":"ImageObject","@id":"https:\/\/www.teicon.cz\/wp-content\/uploads\/architecture-1857175_960_720_3.jpg","url":"https:\/\/www.teicon.cz\/wp-content\/uploads\/architecture-1857175_960_720_3.jpg","height":0,"width":0},"url":"https:\/\/www.teicon.cz\/realizace-designu\/","wordCount":414,"articleBody":"      Mysl\u00edm si, \u017ee opravdu hodn\u011b lid\u00ed to chce m\u00edt doma p\u011bkn\u00e9. A j\u00e1 nejsem samoz\u0159ejm\u011b v\u00fdjimkou. Dokonce jsem ze za\u010d\u00e1tku byla takov\u00e1, \u017ee jsem byla velice protivn\u00e1, kdy\u017e to doma nebylo podle m\u00fdch p\u0159edstav. Mo\u017en\u00e1 ano, mo\u017en\u00e1 jsem byla trochu rozmazlen\u00e1, ale v\u011b\u0159te mi, \u017ee jsem opravdu tou\u017eila po tom, abych to doma m\u011bla opravdu v\u0161echno p\u011bkn\u00e9 a aby mi to v\u0161echno k sob\u011b kr\u00e1sn\u011b ladilo. Proto jsem si taky \u0159ekla, \u017ee ne\u017e abych t\u0159eba se s n\u011b\u010d\u00edm pl\u00e1cala, co by nebylo dokonal\u00e9 a v\u016fbec mi to k tob\u011b neladilo, tak jsem si \u0159ekla, \u017ee bych si t\u0159eba najala n\u011bjak\u00e9ho bytov\u00e9ho design\u00e9ra a architekta, kter\u00fd by mi samoz\u0159ejm\u011b se v\u0161\u00edm poradil. A v\u017edy\u0165 to p\u0159eci nem\u016f\u017ee b\u00fdt tak drah\u00e9, jak si mnoho lid\u00ed mysl\u00ed. Proto\u017ee jsem kolikr\u00e1t u\u017e sly\u0161ela, \u017ee kdy\u017e m\u00e1te p\u011bkn\u00fd byt, tak je v\u00e1m potom l\u00e9pe a m\u00e1 to taky pozitivn\u00ed vliv na psychiku a mysl \u010dlov\u011bka.A tohle samoz\u0159ejm\u011b plat\u00ed u n\u00e1s. Proto jsem se pod\u00edvala s radost\u00ed na webovou str\u00e1nku bydesign.cz, kde se pr\u00e1v\u011b zaj\u00edmaj\u00ed o bytov\u00fd design a dal\u0161\u00ed podobn\u00e9 v\u011bci. Design studio v Praze jsem se taky vybrala kv\u016fli tomu, \u017ee design studio v Praze mi doporu\u010dila moje kamar\u00e1dka. A kdy jsem se pod\u00edvala na jejich kvalitn\u00ed webov\u00e9 str\u00e1nky, tak bylo rozhodnuto.Proto\u017ee tady se taky m\u016f\u017eete pod\u00edvat na vizualizaci, p\u0159esn\u011b to, jak by v\u00e1\u0161 d\u016fm nebo byt vypadal, kdybyste vyu\u017eili slu\u017eby v bydesign.cz. A pokud i vy jste z Prahy, tak v\u00e1m doporu\u010duji nav\u0161t\u00edvit design studio v Praze, kde budete samoz\u0159ejm\u011b podle m\u00e9ho n\u00e1zoru spokojen\u00ed. Na webov\u00fdch str\u00e1nk\u00e1ch tak\u00e9 najdete r\u016fzn\u00e9 informace, co ta firma nab\u00edz\u00ed a co znamen\u00e1. Mysl\u00edm si, \u017ee budete spokojen\u00ed budete. Jsou r\u016fzn\u00e9 internetov\u00e9 str\u00e1nky, kde se\u017eenete r\u016fzn\u00e9 design\u00e9ry, kte\u0159\u00ed v\u00e1m zlep\u0161\u00ed v\u00e1\u0161 d\u016fm anebo byt, \u017ee se v\u00e1m potom bude o mnoho l\u00e9pe bydlet. V\u011bd\u011bli jste nap\u0159\u00edklad, \u017ee z\u00e1le\u017e\u00ed i na tom, jak\u00e9 barvy m\u00e1te na st\u011bn\u011b? I s t\u00edmto si designov\u00e9 studio v Praze porad\u00ed na jedni\u010dku.                                                                                                                                                                                                                                                                                                                                                                                          4.3\/5 - (6 votes)        "},{"@context":"https:\/\/schema.org\/","@type":"BreadcrumbList","itemListElement":[{"@type":"ListItem","position":1,"name":"Realizace designu","item":"https:\/\/www.teicon.cz\/realizace-designu\/#breadcrumbitem"}]}]