[{"@context":"https:\/\/schema.org\/","@type":"Article","@id":"https:\/\/www.teicon.cz\/serialem-proti-kybersikane\/#Article","mainEntityOfPage":"https:\/\/www.teicon.cz\/serialem-proti-kybersikane\/","headline":"Seri\u00e1lem proti kyber\u0161ikan\u011b","name":"Seri\u00e1lem proti kyber\u0161ikan\u011b","description":"Tento t\u00fdden uvedla internetov\u00e1 televize MALL.cz nov\u00fd seri\u00e1l pod n\u00e1zvem Marty is dead. Seri\u00e1l je z\u00e1rove\u0148 v\u00edt\u011bz festivalu Serial Killer. Hlavn\u00edm c\u00edlem festivalu je vzd\u011bl\u00e1v\u00e1n\u00ed, roz\u0161i\u0159ov\u00e1n\u00ed&#46;&#46;&#46;","datePublished":"2019-10-15","dateModified":"2023-05-24","author":{"@type":"Person","@id":"https:\/\/www.teicon.cz\/author\/#Person","name":"","url":"https:\/\/www.teicon.cz\/author\/","identifier":1,"image":{"@type":"ImageObject","@id":"https:\/\/secure.gravatar.com\/avatar\/c36ac855b1ee9cce96e09824fb5426d6eaccd04233fbf51e04e067ccd1b5fe13?s=96&d=mm&r=g","url":"https:\/\/secure.gravatar.com\/avatar\/c36ac855b1ee9cce96e09824fb5426d6eaccd04233fbf51e04e067ccd1b5fe13?s=96&d=mm&r=g","height":96,"width":96}},"publisher":{"@type":"Organization","name":"teicon.cz","logo":{"@type":"ImageObject","@id":"\/logo.png","url":"\/logo.png","width":600,"height":60}},"image":{"@type":"ImageObject","@id":"https:\/\/www.teicon.cz\/wp-content\/uploads\/img_a357522_w3754_t1572100687.jpg","url":"https:\/\/www.teicon.cz\/wp-content\/uploads\/img_a357522_w3754_t1572100687.jpg","height":0,"width":0},"url":"https:\/\/www.teicon.cz\/serialem-proti-kybersikane\/","about":["Www"],"wordCount":457,"articleBody":"Tento t\u00fdden uvedla internetov\u00e1 televize MALL.cz nov\u00fd seri\u00e1l pod n\u00e1zvem Marty is dead. Seri\u00e1l je z\u00e1rove\u0148 v\u00edt\u011bz festivalu Serial Killer. Hlavn\u00edm c\u00edlem festivalu je vzd\u011bl\u00e1v\u00e1n\u00ed, roz\u0161i\u0159ov\u00e1n\u00ed obzor\u016f a p\u0159in\u00e1\u0161et kvalitn\u00ed tvorbu ze zahrani\u010d\u00ed, ale i z domoviny.&nbsp;Marty is dead je osmid\u00edln\u00fd seri\u00e1l, kter\u00fd je o dev\u00e1\u0165\u00e1kovi Martinovi. Martin se stal ob\u011bt\u00ed kyber\u0161ikany a jak n\u00e1zev napov\u00edd\u00e1, jeho p\u0159\u00edb\u011bh nekon\u010d\u00ed dob\u0159e. Seri\u00e1l nahl\u00ed\u017e\u00ed do konverzac\u00ed puber\u0165\u00e1k\u016f, ze kter\u00fdch mnoh\u00fdm rodi\u010d\u016fm m\u016f\u017ee b\u011bhat mr\u00e1z po z\u00e1dech. Martin se postupn\u011b hor\u0161\u00ed ve \u0161kole a jeho rodi\u010de pro velk\u00e9 pracovn\u00ed vyt\u00ed\u017een\u00ed ani nezaznamenaj\u00ed zm\u011bnu.&nbsp;C\u00edlem projektu je upozornit na st\u00e1le rostouc\u00ed probl\u00e9m, spojen\u00fd s&nbsp;bezpe\u010dnost\u00ed na internetu. Odhaluje soukrom\u00ed mlad\u00fdch lid\u00ed, kte\u0159\u00ed po\u0159izuj\u00ed a \u0161\u00ed\u0159\u00ed fotografie nebo videa, ani\u017e by si dok\u00e1zali p\u0159edstavit, jak\u00e9 to m\u016f\u017ee m\u00edt d\u016fsledky. Po odvys\u00edl\u00e1n\u00ed projektu chce producent seri\u00e1lu Milan Kuchynka z&nbsp;Mall.tv. za\u010d\u00edt obj\u00ed\u017ed\u011bt \u0161koly a debatovat o bezpe\u010d\u00ed na internetu se studenty.&nbsp;Klasick\u00e9 \u0161ikanov\u00e1n\u00ed na \u0161kol\u00e1ch se p\u0159esunulo do online prost\u0159ed\u00ed s&nbsp;rozvojem pou\u017e\u00edvan\u00ed mobil\u016f a soci\u00e1ln\u00edch s\u00edt\u00ed. \u0160ikana po internetu m\u00e1 prakticky stejn\u00fd pr\u016fb\u011bh jako klasick\u00e1 \u0161ikana. M\u016f\u017ee j\u00edt o vyd\u00edr\u00e1n\u00ed, zesm\u011b\u0161\u0148ov\u00e1n\u00ed, obt\u011b\u017eov\u00e1n\u00ed, zastra\u0161ov\u00e1n\u00ed a podobn\u011b. Kyber\u0161ikana m\u016f\u017ee m\u00edt r\u016fzn\u00e9 nebezpe\u010dn\u00e9 podoby a zdaleka nemus\u00ed b\u00fdt jen mezi d\u011btmi. Pomoc\u00ed modern\u00edch technologi\u00ed je mo\u017en\u00e9 pron\u00e1sledovat ob\u011b\u0165, nebo ji zmanipulovat k&nbsp;osobn\u00ed sch\u016fzce a n\u00e1sledn\u011b j\u00ed ubl\u00ed\u017eit nebo jinak obt\u011b\u017eovat. Trestn\u00e9 j\u00e9 tak\u00e9 rozes\u00edl\u00e1n\u00ed intimn\u00edch fotografi\u00ed a vide\u00ed ob\u011bti.&nbsp;\u0158ada p\u0159ev\u00e1\u017en\u011b rodi\u010d\u016f, si klade ot\u00e1zku, jak sv\u00e9 d\u011bti mohou br\u00e1nit proti kyber\u0161ikan\u011b. Odpov\u011b\u010f je nejasn\u00e1. Zakazovat d\u011btem soci\u00e1ln\u00ed s\u00edt\u011b nebo modern\u00ed technologie je t\u00e9m\u011b\u0159 nemo\u017en\u00e9. D\u011bti v\u00e1\u0161 z\u00e1kaz dok\u00e1\u017eou jednodu\u0161e obej\u00edt ve \u0161kole nebo na m\u00edstech s&nbsp;ve\u0159ejn\u00fdm internetem. Kontrola profil\u016f a s&nbsp;k\u00fdm si d\u011bti p\u00ed\u0161ou, nemus\u00ed b\u00fdt cesta, jak d\u011bti ochr\u00e1nit. D\u011bti jsou vynal\u00e9zav\u00e9 a vytvo\u0159en\u00ed si tajn\u00e9ho profilu bude jen ot\u00e1zka \u010dasu.&nbsp;Univerz\u00e1ln\u00ed odpov\u011b\u010f asi nenalezneme. Nezb\u00fdv\u00e1 tedy nic, ne\u017e na probl\u00e9m neust\u00e1le upozor\u0148ovat rodi\u010di, u\u010diteli ve \u0161kol\u00e1ch a hlavn\u011b osv\u011btou na internetu.                                                                                                                                                                                                                                                                                                                                                                                        4.2\/5 - (8 votes)        "},{"@context":"https:\/\/schema.org\/","@type":"BreadcrumbList","itemListElement":[{"@type":"ListItem","position":1,"name":"Seri\u00e1lem proti kyber\u0161ikan\u011b","item":"https:\/\/www.teicon.cz\/serialem-proti-kybersikane\/#breadcrumbitem"}]}]