[{"@context":"https:\/\/schema.org\/","@type":"Article","@id":"https:\/\/www.teicon.cz\/sperky-pro-nejmensi\/#Article","mainEntityOfPage":"https:\/\/www.teicon.cz\/sperky-pro-nejmensi\/","headline":"\u0160perky pro nejmen\u0161\u00ed","name":"\u0160perky pro nejmen\u0161\u00ed","description":"Mal\u00fdm sle\u010dn\u00e1m se propichuj\u00ed u\u0161i proto, \u017ee jde o snadn\u00fd z\u00e1krok, kter\u00fd takto mal\u00fd \u010dlov\u011bk v\u011bt\u0161inou nec\u00edt\u00ed. V pozd\u011bj\u0161\u00edm v\u011bku m\u016f\u017ee b\u00fdt s prop\u00edchnut\u00edm probl\u00e9m, a&#46;&#46;&#46;","datePublished":"2025-09-02","dateModified":"2025-09-02","author":{"@type":"Person","@id":"https:\/\/www.teicon.cz\/author\/#Person","name":"","url":"https:\/\/www.teicon.cz\/author\/","identifier":1,"image":{"@type":"ImageObject","@id":"https:\/\/secure.gravatar.com\/avatar\/c36ac855b1ee9cce96e09824fb5426d6eaccd04233fbf51e04e067ccd1b5fe13?s=96&d=mm&r=g","url":"https:\/\/secure.gravatar.com\/avatar\/c36ac855b1ee9cce96e09824fb5426d6eaccd04233fbf51e04e067ccd1b5fe13?s=96&d=mm&r=g","height":96,"width":96}},"publisher":{"@type":"Organization","name":"teicon.cz","logo":{"@type":"ImageObject","@id":"\/logo.png","url":"\/logo.png","width":600,"height":60}},"url":"https:\/\/www.teicon.cz\/sperky-pro-nejmensi\/","wordCount":228,"articleBody":"Mal\u00fdm sle\u010dn\u00e1m se propichuj\u00ed u\u0161i proto, \u017ee jde o snadn\u00fd z\u00e1krok, kter\u00fd takto mal\u00fd \u010dlov\u011bk v\u011bt\u0161inou nec\u00edt\u00ed. V pozd\u011bj\u0161\u00edm v\u011bku m\u016f\u017ee b\u00fdt s prop\u00edchnut\u00edm probl\u00e9m, a to kv\u016fli s\u00edle chrupavky. P\u0159edejd\u011bte mo\u017en\u00fdm probl\u00e9m\u016fm, a vyberte u n\u00e1s dce\u0159i \u0161perk u n\u00e1s, a nechte j\u00ed ho aplikovat co nejd\u0159\u00edve. S na\u0161\u00ed nab\u00eddkou d\u011btsk\u00fdch n\u00e1u\u0161nic budete ur\u010dit\u011b nadm\u00edru spokojeni, proto\u017ee nab\u00edz\u00edme klasick\u00fd styl i modern\u00ed ryze d\u00edv\u010d\u00ed vzory. Pokud nekupujete pro svou dceru Narodila se dcera va\u0161im p\u0159\u00e1tel\u016fm nebo n\u011bkomu z rodiny, a chcete j\u00ed darovat pr\u00e1v\u011b \u0161perk, ale nev\u00edte, jak\u00fd vybrat? Nen\u00ed nic snaz\u0161\u00edho, ne\u017e darovat rodi\u010d\u016fm poukaz k n\u00e1kupu \u0161perku na na\u0161em es-hopu. Rodi\u010de u\u017e vyberou podle alergie na kovy \u010di podle jin\u00fdch krit\u00e9ri\u00ed. D\u016fle\u017eit\u00e9 je to, \u017ee se p\u0159i v\u00fdb\u011bru d\u00e1rku odli\u0161\u00edte, a nebudete novope\u010den\u00e9 rodi\u010de zahlcovat hra\u010dkami a oble\u010den\u00edm, kter\u00e9ho maj\u00ed od ostatn\u00edch gratulant\u016f v\u00edce ne\u017e dost. Uvid\u00edte, \u017ee z va\u0161eho d\u00e1rku od n\u00e1s budou nad\u0161eni rodi\u010de, a pozd\u011bji i dcerka.                                                                                                                                                                                                                                                                                                                                                                                                "},{"@context":"https:\/\/schema.org\/","@type":"BreadcrumbList","itemListElement":[{"@type":"ListItem","position":1,"name":"\u0160perky pro nejmen\u0161\u00ed","item":"https:\/\/www.teicon.cz\/sperky-pro-nejmensi\/#breadcrumbitem"}]}]