[{"@context":"https:\/\/schema.org\/","@type":"Article","@id":"https:\/\/www.teicon.cz\/vahate-zda-posilat-deti-na-tabor-ci-nikoliv-zvazte-vsechna-pro-a-proti\/#Article","mainEntityOfPage":"https:\/\/www.teicon.cz\/vahate-zda-posilat-deti-na-tabor-ci-nikoliv-zvazte-vsechna-pro-a-proti\/","headline":"V\u00e1h\u00e1te, zda pos\u00edlat d\u011bti na t\u00e1bor \u010di nikoliv? Zva\u017ete v\u0161echna pro a proti","name":"V\u00e1h\u00e1te, zda pos\u00edlat d\u011bti na t\u00e1bor \u010di nikoliv? Zva\u017ete v\u0161echna pro a proti","description":"Prvn\u00ed t\u00e1bor je nezapomenuteln\u00fd Ten den si vybavuji zcela \u017eiv\u011b. Odj\u00ed\u017ed\u011bli jsme z vedlej\u0161\u00edho m\u011bsta, \u010dekal tam na n\u00e1s takov\u00fd historick\u00fd mikrobus, kter\u00fd n\u00e1s dovezl do&#46;&#46;&#46;","datePublished":"2020-11-16","dateModified":"2023-09-02","author":{"@type":"Person","@id":"https:\/\/www.teicon.cz\/author\/#Person","name":"","url":"https:\/\/www.teicon.cz\/author\/","identifier":1,"image":{"@type":"ImageObject","@id":"https:\/\/secure.gravatar.com\/avatar\/c36ac855b1ee9cce96e09824fb5426d6eaccd04233fbf51e04e067ccd1b5fe13?s=96&d=mm&r=g","url":"https:\/\/secure.gravatar.com\/avatar\/c36ac855b1ee9cce96e09824fb5426d6eaccd04233fbf51e04e067ccd1b5fe13?s=96&d=mm&r=g","height":96,"width":96}},"publisher":{"@type":"Organization","name":"teicon.cz","logo":{"@type":"ImageObject","@id":"\/logo.png","url":"\/logo.png","width":600,"height":60}},"image":{"@type":"ImageObject","@id":"https:\/\/www.teicon.cz\/wp-content\/uploads\/tematick%C3%BD_t%C3%A1bor.jpg","url":"https:\/\/www.teicon.cz\/wp-content\/uploads\/tematick%C3%BD_t%C3%A1bor.jpg","height":0,"width":0},"url":"https:\/\/www.teicon.cz\/vahate-zda-posilat-deti-na-tabor-ci-nikoliv-zvazte-vsechna-pro-a-proti\/","about":["Spole\u010dnosti"],"wordCount":492,"articleBody":"       Prvn\u00ed t\u00e1bor je nezapomenuteln\u00fdTen den si vybavuji zcela \u017eiv\u011b. Odj\u00ed\u017ed\u011bli jsme z vedlej\u0161\u00edho m\u011bsta, \u010dekal tam na n\u00e1s takov\u00fd historick\u00fd mikrobus, kter\u00fd n\u00e1s dovezl do \u010cesk\u00e9 Kanady. N\u00e1s d\u011bt\u00ed bylo asi deset, m\u011bli jsme vedouc\u00edho (co\u017e byl \u0161\u00e9f cel\u00e9ho t\u00e1bora) a instruktorku. Bylo to p\u0159ed dvaceti lety. P\u0159\u00edroda byla n\u00e1dhern\u00e1, v\u0161ude lesy a louky, pod kopcem \u0159eka. Byla jsem nad\u0161en\u00e1. Moje nad\u0161en\u00ed se za\u010dalo vytr\u00e1cet, kdy\u017e jsem zjistila, \u017ee m\u00edsto WC je zde pouze \u201ekadibouda\u201c, \u017ee kucha\u0159ka se nevr\u00e1tila z fl\u00e1mu, tak\u017ee va\u0159il majitel \u2013 to nejnechutn\u011bj\u0161\u00ed rizoto, kter\u00e9 jsem kdy v \u017eivot\u011b jedla, \u017ee m\u00edsto koupelny n\u00e1s \u010dek\u00e1 pouze \u0159eka a \u017ee sp\u00e1t budu v obrovsk\u00e9m vojensk\u00e9m stanu spole\u010dn\u011b se v\u0161emi.Ale p\u0159esto to pro m\u011b nebylo tak d\u016fle\u017eit\u00e9 jako to, \u017ee jsem ka\u017ed\u00fd den jezdila na kon\u00edch, starala jsem se o n\u011b a nebyla jsem pod dohledem rodi\u010d\u016f. Cel\u00fd t\u00fdden volnosti. A to doslova, proto\u017ee od ve\u010de\u0159e do sn\u00eddan\u011b si n\u00e1s opravdu nikdo nev\u0161iml. Na m\u016fj prvn\u00ed t\u00e1bor vzpom\u00edn\u00e1m moc r\u00e1da, bylo to maxim\u00e1ln\u00ed dobrodru\u017estv\u00ed.Pro\u010d jezdit na t\u00e1boryJestli uva\u017eujete o pro a proti je\u017ed\u011bn\u00ed na t\u00e1bory, poj\u010fme se nad t\u00edm zamyslet spole\u010dn\u011b. Samoz\u0159ejm\u011b je tu odlou\u010den\u00ed od rodi\u010d\u016f, kter\u00e9 n\u011bkter\u00e9 d\u011bti t\u011b\u017ece sn\u00e1\u0161\u00ed, ale pozor, mnohdy ho t\u011b\u017ece sn\u00e1\u0161\u00ed sp\u00ed\u0161e rodi\u010de ne\u017e d\u011bti. Na t\u00e1bo\u0159e je jin\u00fd sv\u011bt. D\u011bti z\u00edskaj\u00ed nov\u00e9 kamar\u00e1dy, u\u010d\u00ed se v\u011bt\u0161\u00ed samostatnosti, nov\u00fdm dovednostem a za\u017eij\u00ed nejedno dobrodru\u017estv\u00ed. Pokud se boj\u00edte, \u017ee si nebudou \u010distit zuby, budou chodit v jednom tri\u010dku cel\u00fd t\u00fdden nebo \u017ee nebudou j\u00edst, co se jim uva\u0159\u00ed, m\u00e1te zbyte\u010dn\u00e9 obavy. Vedouc\u00ed na \u010di\u0161t\u011bn\u00ed zub\u016f dohl\u00e9dne, a i kdyby ne, tak se to t\u00fdden nezbl\u00e1zn\u00ed. V jednom tri\u010dku tak\u00e9 klidn\u011b m\u016f\u017eou b\u00fdt, a pokud bude opravdu \u0161pinav\u00e9, vedouc\u00ed va\u0161e d\u00edtko ur\u010dit\u011b upozorn\u00ed. A j\u00edst v\u00e1\u0161 potomek bude, to nem\u011bjte strach. Proto\u017ee hlad je nejlep\u0161\u00ed kucha\u0159 a po cel\u00e9m dni b\u011bh\u00e1n\u00ed venku, zdl\u00e1bne i to, co by norm\u00e1ln\u011b nejedl.P\u0159ekonejte sv\u00e9 strachyPokud se boj\u00edte, \u017ee t\u00e1bor nebude m\u00edt kvalitn\u00ed z\u00e1zem\u00ed, tak jako jsem popisovala v \u00favodu \u010dl\u00e1nku sv\u016fj t\u00e1bor, nem\u011bjte strach. Za\u0159\u00edzen\u00ed, kam jezd\u00ed d\u011bti, jsou pod p\u0159\u00edsnou kontrolou hygieny a v\u0161e mus\u00ed b\u00fdt v naprost\u00e9m po\u0159\u00e1dku. Pokud va\u0161e d\u011bti cht\u011bj\u00ed, pus\u0165te je. A\u017e p\u0159ijedou pln\u00ed dojm\u016f a nad\u0161en\u00ed, nebudete litovat.                                                                                                                                                                                                                                                                                                                                                                                          4.5\/5 - (12 votes)        "},{"@context":"https:\/\/schema.org\/","@type":"BreadcrumbList","itemListElement":[{"@type":"ListItem","position":1,"name":"V\u00e1h\u00e1te, zda pos\u00edlat d\u011bti na t\u00e1bor \u010di nikoliv? Zva\u017ete v\u0161echna pro a proti","item":"https:\/\/www.teicon.cz\/vahate-zda-posilat-deti-na-tabor-ci-nikoliv-zvazte-vsechna-pro-a-proti\/#breadcrumbitem"}]}]