[{"@context":"https:\/\/schema.org\/","@type":"Article","@id":"https:\/\/www.teicon.cz\/zajistime-vam-i-bydleni\/#Article","mainEntityOfPage":"https:\/\/www.teicon.cz\/zajistime-vam-i-bydleni\/","headline":"Zajist\u00edme v\u00e1m i bydlen\u00ed","name":"Zajist\u00edme v\u00e1m i bydlen\u00ed","description":"P\u0159\u00e1li byste si zm\u011bnit sv\u00e9 zam\u011bstn\u00e1n\u00ed? Zd\u00e1 se v\u00e1m, \u017ee u\u017e jste dlouho na jednom m\u00edst\u011b a \u017ee v\u00e1m va\u0161e sou\u010dasn\u00e1 pozice ji\u017e nem\u00e1 co v\u00edce&#46;&#46;&#46;","datePublished":"2024-11-26","dateModified":"2024-11-26","author":{"@type":"Person","@id":"https:\/\/www.teicon.cz\/author\/#Person","name":"","url":"https:\/\/www.teicon.cz\/author\/","identifier":1,"image":{"@type":"ImageObject","@id":"https:\/\/secure.gravatar.com\/avatar\/c36ac855b1ee9cce96e09824fb5426d6eaccd04233fbf51e04e067ccd1b5fe13?s=96&d=mm&r=g","url":"https:\/\/secure.gravatar.com\/avatar\/c36ac855b1ee9cce96e09824fb5426d6eaccd04233fbf51e04e067ccd1b5fe13?s=96&d=mm&r=g","height":96,"width":96}},"publisher":{"@type":"Organization","name":"teicon.cz","logo":{"@type":"ImageObject","@id":"\/logo.png","url":"\/logo.png","width":600,"height":60}},"url":"https:\/\/www.teicon.cz\/zajistime-vam-i-bydleni\/","wordCount":184,"articleBody":"P\u0159\u00e1li byste si zm\u011bnit sv\u00e9 zam\u011bstn\u00e1n\u00ed? Zd\u00e1 se v\u00e1m, \u017ee u\u017e jste dlouho na jednom m\u00edst\u011b a \u017ee v\u00e1m va\u0161e sou\u010dasn\u00e1 pozice ji\u017e nem\u00e1 co v\u00edce nab\u00eddnout? P\u0159em\u00fd\u0161l\u00edte o tom, kde byste asi tak mohli pracovat, ale v sou\u010dasn\u00e9m bydli\u0161ti nebo v jeho bl\u00edzkosti nen\u00ed nic, co by v\u00e1s oslovilo? Pod\u00edvejte se tedy na na\u0161i nab\u00eddku voln\u00e1 m\u00edsta l\u00e9ka\u0159 Plze\u0148. M\u016f\u017eeme v\u00e1m nab\u00eddnout nejenom velmi zaj\u00edmavou a podn\u011btnou pr\u00e1ci ve vyhl\u00e1\u0161en\u00e9 nemocnici, ale tak\u00e9 p\u0159id\u011blen\u00ed bytu \u010di ubytovny. Odpadaj\u00ed v\u00e1m tak starosti se sh\u00e1n\u011bn\u00edm bytu a m\u016f\u017eete se sm\u011ble p\u0159est\u011bhovat. Spoustu v\u00fdhod zam\u011bstn\u00e1n\u00ed u n\u00e1s Voln\u00e1 m\u00edsta l\u00e9ka\u0159 Plze\u0148 mohou b\u00fdt zaj\u00edmav\u00e1 pro absolventy, kte\u0159\u00ed se teprve rozhoduj\u00ed, ale i zku\u0161en\u00fdm doktor\u016fm, kte\u0159\u00ed p\u0159esn\u011b v\u011bd\u00ed, co cht\u011bj\u00ed a kte\u0159\u00ed ji\u017e maj\u00ed zku\u0161enosti nejen v oboru psychiatrie.                                                                                                                                                                                                                                                                                                                                                                                        4\/5 - (2 votes)        "},{"@context":"https:\/\/schema.org\/","@type":"BreadcrumbList","itemListElement":[{"@type":"ListItem","position":1,"name":"Zajist\u00edme v\u00e1m i bydlen\u00ed","item":"https:\/\/www.teicon.cz\/zajistime-vam-i-bydleni\/#breadcrumbitem"}]}]